{"cart":"\u003Ch1\u003EPolo\u017eka byla \u00fasp\u011b\u0161n\u011b p\u0159id\u00e1na do ko\u0161\u00edku!\u003C\/h1\u003E\n\u003Cdiv class=\u0022table-responsive\u0022\u003E\n    \u003Ctable class=\u0022table\u0022\u003E\n        \u003Cthead\u003E\n        \u003Ctr\u003E\n            \u003Cth\u003EPolo\u017eka\u003C\/th\u003E\n            \u003Cth\u003EMno\u017estv\u00ed\u003C\/th\u003E\n            \u003Cth\u003ECena za kus\u003C\/th\u003E\n            \u003Cth\u003ECelkem\u003C\/th\u003E\n        \u003C\/tr\u003E\n        \u003C\/thead\u003E\n        \u003Ctbody\u003E\n                                                    \u003Ctr\u003E\n                    \u003Ctd class=\u0022spacer\u0022 colspan=\u00226\u0022\u003E\u003C\/td\u003E\n                \u003C\/tr\u003E\n                \u003Ctr\u003E\n                    \u003Ctd\u003E\n                        \u003Cdiv class=\u0022product\u0022\u003E\n                            \u003Cdiv class=\u0022image\u0022\u003E\n                                                                                                            \u003Cimg src=\u0022\/uploads\/media\/product\/0001\/10\/thumb_9829_product_small.jpeg\u0022 \/\u003E\n                                                                                                \u003C\/div\u003E\n                            \u003Cdiv class=\u0022info\u0022\u003E\n                                \u003Cdiv class=\u0022top\u0022\u003E\n                                    \u003Cdiv class=\u0022type\u0022\u003ENoty\u003C\/div\u003E\n                                    \u003Cdiv class=\u0022name\u0022\u003E\n                                        \u003Ca href=\u0022https:\/\/www.kubes.eu\/kategorie\/noty\/1-tuba-mukl-solo-pro-tubu-obsazeni-stredni-format-a4\u0022\u003ETuba-Mukl, s\u00f3lo pro tubu \/ OBSAZEN\u00cd: ST\u0158EDN\u00cd \/ Form\u00e1t A4\u003C\/a\u003E\n                                    \u003C\/div\u003E\n                                    \u003Cul class=\u0022productTranslations\u0022\u003E\n                                                                                    \u003Cli class=\u0022productTranslation\u0022\u003ETuba- Muckl, Solo f\u00fcr Tuba \/ BESETZUNG: MITTLERE \/ Format A4\u003C\/li\u003E\n                                                                            \u003C\/ul\u003E\n                                                                            \u003Cdiv class=\u0022name\u0022\u003E\n                                            \u003Ca href=\u0022https:\/\/www.kubes.eu\/kategorie\/noty\/1-montiho-cardas-solo-pro-tubu-obsazeni-stredni-format-a4\u0022\u003EMontiho \u010dard\u00e1\u0161, s\u00f3lo pro tubu \/ OBSAZEN\u00cd: ST\u0158EDN\u00cd \/ Form\u00e1t A4\u003C\/a\u003E\n                                        \u003C\/div\u003E\n                                        \u003Cul class=\u0022productTranslations\u0022\u003E\n                                                                                            \u003Cli class=\u0022productTranslation\u0022\u003ECsardas von Monti, Solo f\u00fcr Tuba \/ BESETZUNG: MITTLERE \/  A4\u003C\/li\u003E\n                                                                                    \u003C\/ul\u003E\n                                                                    \u003C\/div\u003E\n                                \u003Cdiv class=\u0022bottom\u0022\u003E\n                                    \u003Cdiv class=\u0022oc\u0022\u003E\n                                                                                                                                    Objednac\u00ed \u010d\u00edslo: 20-0035\n                                                \u003Cbr \/\u003E\n                                                                                                                                                                \u003C\/div\u003E\n                                \u003C\/div\u003E\n                            \u003C\/div\u003E\n                        \u003C\/div\u003E\n                    \u003C\/td\u003E\n                    \u003Ctd class=\u0022count\u0022\u003E\n                        1\n                    \u003C\/td\u003E\n\n                                                                                \u003Ctd class=\u0022price\u0022\u003E199 czk\u003C\/td\u003E\n                    \u003Ctd class=\u0022priceTotal\u0022\u003E199 czk\u003C\/td\u003E\n                \u003C\/tr\u003E\n                                            \u003Ctr\u003E\n                    \u003Ctd class=\u0022spacer\u0022 colspan=\u00226\u0022\u003E\u003C\/td\u003E\n                \u003C\/tr\u003E\n                \u003Ctr\u003E\n                    \u003Ctd\u003E\n                        \u003Cdiv class=\u0022product\u0022\u003E\n                            \u003Cdiv class=\u0022image\u0022\u003E\n                                                                                                            \u003Cimg src=\u0022\/uploads\/media\/product\/0001\/13\/thumb_12691_product_small.jpeg\u0022 \/\u003E\n                                                                                                \u003C\/div\u003E\n                            \u003Cdiv class=\u0022info\u0022\u003E\n                                \u003Cdiv class=\u0022top\u0022\u003E\n                                    \u003Cdiv class=\u0022type\u0022\u003ENoty\u003C\/div\u003E\n                                    \u003Cdiv class=\u0022name\u0022\u003E\n                                        \u003Ca href=\u0022https:\/\/www.kubes.eu\/kategorie\/noty\/1-na-doubravce-obsazeni-velke\u0022\u003ENa Doubravce \/ Obsazen\u00ed: Velk\u00e9\u003C\/a\u003E\n                                    \u003C\/div\u003E\n                                    \u003Cul class=\u0022productTranslations\u0022\u003E\n                                                                                    \u003Cli class=\u0022productTranslation\u0022\u003EAuf dem Fluss \/ Besetzung: Gro\u00dfe\u003C\/li\u003E\n                                                                            \u003C\/ul\u003E\n                                                                            \u003Cdiv class=\u0022name\u0022\u003E\n                                            \u003Ca href=\u0022https:\/\/www.kubes.eu\/kategorie\/noty\/1-borkovicka-polka-obsazeni-velke\u0022\u003EBorkovick\u00e1 polka \/ Obsazen\u00ed: Velk\u00e9\u003C\/a\u003E\n                                        \u003C\/div\u003E\n                                        \u003Cul class=\u0022productTranslations\u0022\u003E\n                                                                                            \u003Cli class=\u0022productTranslation\u0022\u003EBorkovicka polka (Polka aus Borkovice) \/ Besetzung: Gro\u00dfe\u003C\/li\u003E\n                                                                                    \u003C\/ul\u003E\n                                                                    \u003C\/div\u003E\n                                \u003Cdiv class=\u0022bottom\u0022\u003E\n                                    \u003Cdiv class=\u0022oc\u0022\u003E\n                                                                                                                                    Objednac\u00ed \u010d\u00edslo: 30-0014\/1\n                                                \u003Cbr \/\u003E\n                                                                                                                                                                \u003C\/div\u003E\n                                \u003C\/div\u003E\n                            \u003C\/div\u003E\n                        \u003C\/div\u003E\n                    \u003C\/td\u003E\n                    \u003Ctd class=\u0022count\u0022\u003E\n                        1\n                    \u003C\/td\u003E\n\n                                                                                \u003Ctd class=\u0022price\u0022\u003E169 czk\u003C\/td\u003E\n                    \u003Ctd class=\u0022priceTotal\u0022\u003E169 czk\u003C\/td\u003E\n                \u003C\/tr\u003E\n                                            \u003Ctr\u003E\n                    \u003Ctd class=\u0022spacer\u0022 colspan=\u00226\u0022\u003E\u003C\/td\u003E\n                \u003C\/tr\u003E\n                \u003Ctr\u003E\n                    \u003Ctd\u003E\n                        \u003Cdiv class=\u0022product\u0022\u003E\n                            \u003Cdiv class=\u0022image\u0022\u003E\n                                                                                                            \u003Cimg src=\u0022\/uploads\/media\/product\/0001\/13\/thumb_12586_product_small.jpeg\u0022 \/\u003E\n                                                                                                \u003C\/div\u003E\n                            \u003Cdiv class=\u0022info\u0022\u003E\n                                \u003Cdiv class=\u0022top\u0022\u003E\n                                    \u003Cdiv class=\u0022type\u0022\u003ENoty\u003C\/div\u003E\n                                    \u003Cdiv class=\u0022name\u0022\u003E\n                                        \u003Ca href=\u0022https:\/\/www.kubes.eu\/kategorie\/noty\/1-nedaleko-dediny\u0022\u003ENedaleko d\u011bdiny\u003C\/a\u003E\n                                    \u003C\/div\u003E\n                                    \u003Cul class=\u0022productTranslations\u0022\u003E\n                                                                                    \u003Cli class=\u0022productTranslation\u0022\u003EAm Dorf-Polka\u003C\/li\u003E\n                                                                            \u003C\/ul\u003E\n                                                                    \u003C\/div\u003E\n                                \u003Cdiv class=\u0022bottom\u0022\u003E\n                                    \u003Cdiv class=\u0022oc\u0022\u003E\n                                                                                                                                    Objednac\u00ed \u010d\u00edslo: 10-0126\n                                                \u003Cbr \/\u003E\n                                                                                                                                                                \u003C\/div\u003E\n                                \u003C\/div\u003E\n                            \u003C\/div\u003E\n                        \u003C\/div\u003E\n                    \u003C\/td\u003E\n                    \u003Ctd class=\u0022count\u0022\u003E\n                        1\n                    \u003C\/td\u003E\n\n                                                                                \u003Ctd class=\u0022price\u0022\u003E159 czk\u003C\/td\u003E\n                    \u003Ctd class=\u0022priceTotal\u0022\u003E159 czk\u003C\/td\u003E\n                \u003C\/tr\u003E\n                                            \u003Ctr\u003E\n                    \u003Ctd class=\u0022spacer\u0022 colspan=\u00226\u0022\u003E\u003C\/td\u003E\n                \u003C\/tr\u003E\n                \u003Ctr\u003E\n                    \u003Ctd\u003E\n                        \u003Cdiv class=\u0022product\u0022\u003E\n                            \u003Cdiv class=\u0022image\u0022\u003E\n                                                                                                            \u003Cimg src=\u0022\/uploads\/media\/product\/0001\/13\/thumb_12583_product_small.jpeg\u0022 \/\u003E\n                                                                                                \u003C\/div\u003E\n                            \u003Cdiv class=\u0022info\u0022\u003E\n                                \u003Cdiv class=\u0022top\u0022\u003E\n                                    \u003Cdiv class=\u0022type\u0022\u003ENoty\u003C\/div\u003E\n                                    \u003Cdiv class=\u0022name\u0022\u003E\n                                        \u003Ca href=\u0022https:\/\/www.kubes.eu\/kategorie\/noty\/1-pro-jenicka-obsazeni-stredni-format-a4\u0022\u003EPro Jen\u00ed\u010dka \/ OBSAZEN\u00cd: ST\u0158EDN\u00cd \/ Form\u00e1t A4\u003C\/a\u003E\n                                    \u003C\/div\u003E\n                                    \u003Cul class=\u0022productTranslations\u0022\u003E\n                                                                                    \u003Cli class=\u0022productTranslation\u0022\u003EGute Kameraden \/ BESETZUNG: MITTLERE \/ Format A4\u003C\/li\u003E\n                                                                            \u003C\/ul\u003E\n                                                                            \u003Cdiv class=\u0022name\u0022\u003E\n                                            \u003Ca href=\u0022https:\/\/www.kubes.eu\/kategorie\/noty\/1-betuska-obsazeni-stredni-format-a4\u0022\u003EB\u011btu\u0161ka \/ OBSAZEN\u00cd: ST\u0158EDN\u00cd \/ Form\u00e1t A4\u003C\/a\u003E\n                                        \u003C\/div\u003E\n                                        \u003Cul class=\u0022productTranslations\u0022\u003E\n                                                                                            \u003Cli class=\u0022productTranslation\u0022\u003ELiesbeth-Polka \/ BESETZUNG: MITTLERE \/ Format A4\u003C\/li\u003E\n                                                                                    \u003C\/ul\u003E\n                                                                    \u003C\/div\u003E\n                                \u003Cdiv class=\u0022bottom\u0022\u003E\n                                    \u003Cdiv class=\u0022oc\u0022\u003E\n                                                                                                                                    Objednac\u00ed \u010d\u00edslo: 20-0019\n                                                \u003Cbr \/\u003E\n                                                                                                                                                                \u003C\/div\u003E\n                                \u003C\/div\u003E\n                            \u003C\/div\u003E\n                        \u003C\/div\u003E\n                    \u003C\/td\u003E\n                    \u003Ctd class=\u0022count\u0022\u003E\n                        1\n                    \u003C\/td\u003E\n\n                                                                                \u003Ctd class=\u0022price\u0022\u003E199 czk\u003C\/td\u003E\n                    \u003Ctd class=\u0022priceTotal\u0022\u003E199 czk\u003C\/td\u003E\n                \u003C\/tr\u003E\n                                            \u003Ctr\u003E\n                    \u003Ctd class=\u0022spacer\u0022 colspan=\u00226\u0022\u003E\u003C\/td\u003E\n                \u003C\/tr\u003E\n                \u003Ctr\u003E\n                    \u003Ctd\u003E\n                        \u003Cdiv class=\u0022product\u0022\u003E\n                            \u003Cdiv class=\u0022image\u0022\u003E\n                                                                                                            \u003Cimg src=\u0022\/uploads\/media\/product\/0001\/13\/thumb_12544_product_small.jpeg\u0022 \/\u003E\n                                                                                                \u003C\/div\u003E\n                            \u003Cdiv class=\u0022info\u0022\u003E\n                                \u003Cdiv class=\u0022top\u0022\u003E\n                                    \u003Cdiv class=\u0022type\u0022\u003ENoty\u003C\/div\u003E\n                                    \u003Cdiv class=\u0022name\u0022\u003E\n                                        \u003Ca href=\u0022https:\/\/www.kubes.eu\/kategorie\/noty\/1-posledni-rybnik-stroji\u0022\u003EPosledn\u00ed rybn\u00edk stroj\u00ed\u003C\/a\u003E\n                                    \u003C\/div\u003E\n                                    \u003Cul class=\u0022productTranslations\u0022\u003E\n                                                                                    \u003Cli class=\u0022productTranslation\u0022\u003EAm letzten Teich\u003C\/li\u003E\n                                                                            \u003C\/ul\u003E\n                                                                            \u003Cdiv class=\u0022name\u0022\u003E\n                                            \u003Ca href=\u0022https:\/\/www.kubes.eu\/kategorie\/noty\/1-mam-jen-tebe\u0022\u003EM\u00e1m jen tebe\u003C\/a\u003E\n                                        \u003C\/div\u003E\n                                        \u003Cul class=\u0022productTranslations\u0022\u003E\n                                                                                            \u003Cli class=\u0022productTranslation\u0022\u003EIch hab nur Dich \/ Nacht Tango\u003C\/li\u003E\n                                                                                    \u003C\/ul\u003E\n                                                                    \u003C\/div\u003E\n                                \u003Cdiv class=\u0022bottom\u0022\u003E\n                                    \u003Cdiv class=\u0022oc\u0022\u003E\n                                                                                                                                    Objednac\u00ed \u010d\u00edslo: 30-0026\n                                                \u003Cbr \/\u003E\n                                                                                                                                                                \u003C\/div\u003E\n                                \u003C\/div\u003E\n                            \u003C\/div\u003E\n                        \u003C\/div\u003E\n                    \u003C\/td\u003E\n                    \u003Ctd class=\u0022count\u0022\u003E\n                        1\n                    \u003C\/td\u003E\n\n                                                                                \u003Ctd class=\u0022price\u0022\u003E159 czk\u003C\/td\u003E\n                    \u003Ctd class=\u0022priceTotal\u0022\u003E159 czk\u003C\/td\u003E\n                \u003C\/tr\u003E\n                        \u003Ctr\u003E\n                \u003Ctd class=\u0022spacer\u0022 colspan=\u00226\u0022\u003E\u003C\/td\u003E\n            \u003C\/tr\u003E\n                \u003C\/tbody\u003E\n        \u003Ctfoot\u003E\n        \u003Ctr\u003E\n                                    \u003Cth colspan=\u00226\u0022\u003E\n                \u003Cdiv class=\u0022footTotal\u0022\u003E\n                    Cena celkem: \u003Cspan class=\u0022total\u0022\u003E885 czk\u003C\/span\u003E\n                \u003C\/div\u003E\n            \u003C\/th\u003E\n        \u003C\/tr\u003E\n        \u003C\/tfoot\u003E\n    \u003C\/table\u003E\n\u003C\/div\u003E\n\n\u003Cbutton data-remodal-action=\u0022close\u0022 class=\u0022globalButton inline\u0022\u003EZav\u0159\u00edt\u003C\/button\u003E\n\u003Ca href=\u0022https:\/\/www.kubes.eu\/kosik\u0022 class=\u0022globalButton inline\u0022\u003EP\u0159ej\u00edt do ko\u0161\u00edku\u003C\/a\u003E\n","header":"            \u003Cspan class=\u0022value\u0022\u003E885\u003C\/span\u003E\u0026nbsp;\u003Cspan class=\u0022currency\u0022\u003Eczk\u003C\/span\u003E\n"}